{"id":6850,"date":"2025-09-01T13:41:01","date_gmt":"2025-09-01T16:41:01","guid":{"rendered":"https:\/\/estrelavelha.rs.gov.br\/portal\/?p=6850"},"modified":"2025-09-02T13:41:51","modified_gmt":"2025-09-02T16:41:51","slug":"municipio-participa-de-encontro-formativo-do-programa-alfabetiza-tche","status":"publish","type":"post","link":"https:\/\/estrelavelha.rs.gov.br\/portal\/2025\/09\/01\/municipio-participa-de-encontro-formativo-do-programa-alfabetiza-tche\/","title":{"rendered":"MUNIC\u00cdPIO PARTICIPA DE ENCONTRO FORMATIVO DO PROGRAMA ALFABETIZA TCH\u00ca"},"content":{"rendered":"\n<p>Estrela Velha marcou presen\u00e7a no encontro formativo do Programa Alfabetiza Tch\u00ea, realizado na 24\u00aa Coordenadoria Regional de Educa\u00e7\u00e3o (CRE), em Cachoeira do Sul. O munic\u00edpio foi representado pela formadora municipal do programa, professora Simone Teichmann Stertz.<\/p>\n\n\n\n<p>A atividade teve como tema central a pauta formativa \u201cAvalia\u00e7\u00e3o e planejamento na Alfabetiza\u00e7\u00e3o\u201d, reunindo discuss\u00f5es sobre diferentes dimens\u00f5es da avalia\u00e7\u00e3o escolar. Entre os t\u00f3picos trabalhados estiveram: \u201cAvalia\u00e7\u00e3o formativa: uma perspectiva atrelada \u00e0 a\u00e7\u00e3o did\u00e1tica\u201d, voltada ao monitoramento sistem\u00e1tico das aprendizagens da turma e de cada estudante; \u201cAvalia\u00e7\u00e3o para acompanhamento das aprendizagens: diagn\u00f3stica, formativa e somativa\u201d; al\u00e9m da an\u00e1lise dos instrumentos de avalia\u00e7\u00e3o e de seus registros. Tamb\u00e9m foi abordada a rela\u00e7\u00e3o entre avalia\u00e7\u00e3o e planejamento na alfabetiza\u00e7\u00e3o, com a defini\u00e7\u00e3o de metas e a\u00e7\u00f5es que orientem a continuidade das aprendizagens.<\/p>\n\n\n\n<p>O foco principal do encontro foi refletir sobre o papel das avalia\u00e7\u00f5es ao longo do processo educacional, destacando sua fun\u00e7\u00e3o de identificar e corrigir dificuldades no ensino e na aprendizagem ainda durante o percurso, e n\u00e3o apenas ao final. Dessa forma, o Programa Alfabetiza Tch\u00ea busca qualificar as pr\u00e1ticas pedag\u00f3gicas e fortalecer o processo de alfabetiza\u00e7\u00e3o nos munic\u00edpios participantes.<\/p>\n","protected":false},"excerpt":{"rendered":"<p>Estrela Velha marcou presen\u00e7a no encontro formativo do Programa Alfabetiza Tch\u00ea, realizado na 24\u00aa Coordenadoria Regional de Educa\u00e7\u00e3o (CRE), em Cachoeira do Sul. O munic\u00edpio foi<span class=\"excerpt-hellip\"> [\u2026]<\/span><\/p>\n","protected":false},"author":1,"featured_media":6851,"comment_status":"open","ping_status":"open","sticky":false,"template":"","format":"standard","meta":[],"categories":[3],"tags":[],"_links":{"self":[{"href":"https:\/\/estrelavelha.rs.gov.br\/portal\/wp-json\/wp\/v2\/posts\/6850"}],"collection":[{"href":"https:\/\/estrelavelha.rs.gov.br\/portal\/wp-json\/wp\/v2\/posts"}],"about":[{"href":"https:\/\/estrelavelha.rs.gov.br\/portal\/wp-json\/wp\/v2\/types\/post"}],"author":[{"embeddable":true,"href":"https:\/\/estrelavelha.rs.gov.br\/portal\/wp-json\/wp\/v2\/users\/1"}],"replies":[{"embeddable":true,"href":"https:\/\/estrelavelha.rs.gov.br\/portal\/wp-json\/wp\/v2\/comments?post=6850"}],"version-history":[{"count":1,"href":"https:\/\/estrelavelha.rs.gov.br\/portal\/wp-json\/wp\/v2\/posts\/6850\/revisions"}],"predecessor-version":[{"id":6852,"href":"https:\/\/estrelavelha.rs.gov.br\/portal\/wp-json\/wp\/v2\/posts\/6850\/revisions\/6852"}],"wp:featuredmedia":[{"embeddable":true,"href":"https:\/\/estrelavelha.rs.gov.br\/portal\/wp-json\/wp\/v2\/media\/6851"}],"wp:attachment":[{"href":"https:\/\/estrelavelha.rs.gov.br\/portal\/wp-json\/wp\/v2\/media?parent=6850"}],"wp:term":[{"taxonomy":"category","embeddable":true,"href":"https:\/\/estrelavelha.rs.gov.br\/portal\/wp-json\/wp\/v2\/categories?post=6850"},{"taxonomy":"post_tag","embeddable":true,"href":"https:\/\/estrelavelha.rs.gov.br\/portal\/wp-json\/wp\/v2\/tags?post=6850"}],"curies":[{"name":"wp","href":"https:\/\/api.w.org\/{rel}","templated":true}]}}