{"id":6835,"date":"2025-08-27T11:42:35","date_gmt":"2025-08-27T14:42:35","guid":{"rendered":"https:\/\/estrelavelha.rs.gov.br\/portal\/?p=6835"},"modified":"2025-09-02T11:43:34","modified_gmt":"2025-09-02T14:43:34","slug":"estrela-velha-promove-15o-forum-municipal-de-seguranca-e-soberania-alimentar","status":"publish","type":"post","link":"https:\/\/estrelavelha.rs.gov.br\/portal\/2025\/08\/27\/estrela-velha-promove-15o-forum-municipal-de-seguranca-e-soberania-alimentar\/","title":{"rendered":"ESTRELA VELHA PROMOVE 15\u00ba F\u00d3RUM MUNICIPAL DE SEGURAN\u00c7A E SOBERANIA ALIMENTAR"},"content":{"rendered":"\n<p>Na \u00faltima quinta-feira, 21 de agosto, Estrela Velha sediou a 15\u00aa edi\u00e7\u00e3o do F\u00f3rum Municipal de Seguran\u00e7a e Soberania Alimentar. O encontro foi organizado pela Associa\u00e7\u00e3o das Trabalhadoras Rurais e pela Emater, em parceria com a Administra\u00e7\u00e3o Municipal, reunindo a comunidade em um espa\u00e7o de aprendizado e integra\u00e7\u00e3o.<\/p>\n\n\n\n<p>Neste ano, o f\u00f3rum teve como tema \u201cMel e Poliniza\u00e7\u00e3o\u201d. A palestra central foi conduzida por Sanderlei Pereira, extensionista rural da Emater, que destacou os benef\u00edcios do mel para a sa\u00fade e o papel essencial das abelhas na preserva\u00e7\u00e3o do ecossistema e na produ\u00e7\u00e3o de alimentos.<\/p>\n\n\n\n<p>Al\u00e9m do momento formativo, a programa\u00e7\u00e3o contou com atividades de valoriza\u00e7\u00e3o cultural e social, como a troca de flores e folhagens entre os participantes e a exposi\u00e7\u00e3o de artesanatos confeccionados por artes\u00e3s locais, refor\u00e7ando a identidade comunit\u00e1ria e o est\u00edmulo \u00e0 sustentabilidade.<\/p>\n\n\n\n<p>O F\u00f3rum Municipal de Seguran\u00e7a e Soberania Alimentar consolida-se, assim, como um espa\u00e7o de di\u00e1logo, aprendizado e valoriza\u00e7\u00e3o das pr\u00e1ticas que integram sa\u00fade, meio ambiente e agricultura familiar em Estrela Velha.<\/p>\n","protected":false},"excerpt":{"rendered":"<p>Na \u00faltima quinta-feira, 21 de agosto, Estrela Velha sediou a 15\u00aa edi\u00e7\u00e3o do F\u00f3rum Municipal de Seguran\u00e7a e Soberania Alimentar. O encontro foi organizado pela Associa\u00e7\u00e3o<span class=\"excerpt-hellip\"> [\u2026]<\/span><\/p>\n","protected":false},"author":1,"featured_media":6836,"comment_status":"open","ping_status":"open","sticky":false,"template":"","format":"standard","meta":[],"categories":[3],"tags":[],"_links":{"self":[{"href":"https:\/\/estrelavelha.rs.gov.br\/portal\/wp-json\/wp\/v2\/posts\/6835"}],"collection":[{"href":"https:\/\/estrelavelha.rs.gov.br\/portal\/wp-json\/wp\/v2\/posts"}],"about":[{"href":"https:\/\/estrelavelha.rs.gov.br\/portal\/wp-json\/wp\/v2\/types\/post"}],"author":[{"embeddable":true,"href":"https:\/\/estrelavelha.rs.gov.br\/portal\/wp-json\/wp\/v2\/users\/1"}],"replies":[{"embeddable":true,"href":"https:\/\/estrelavelha.rs.gov.br\/portal\/wp-json\/wp\/v2\/comments?post=6835"}],"version-history":[{"count":1,"href":"https:\/\/estrelavelha.rs.gov.br\/portal\/wp-json\/wp\/v2\/posts\/6835\/revisions"}],"predecessor-version":[{"id":6837,"href":"https:\/\/estrelavelha.rs.gov.br\/portal\/wp-json\/wp\/v2\/posts\/6835\/revisions\/6837"}],"wp:featuredmedia":[{"embeddable":true,"href":"https:\/\/estrelavelha.rs.gov.br\/portal\/wp-json\/wp\/v2\/media\/6836"}],"wp:attachment":[{"href":"https:\/\/estrelavelha.rs.gov.br\/portal\/wp-json\/wp\/v2\/media?parent=6835"}],"wp:term":[{"taxonomy":"category","embeddable":true,"href":"https:\/\/estrelavelha.rs.gov.br\/portal\/wp-json\/wp\/v2\/categories?post=6835"},{"taxonomy":"post_tag","embeddable":true,"href":"https:\/\/estrelavelha.rs.gov.br\/portal\/wp-json\/wp\/v2\/tags?post=6835"}],"curies":[{"name":"wp","href":"https:\/\/api.w.org\/{rel}","templated":true}]}}