{"id":6823,"date":"2025-08-26T16:46:28","date_gmt":"2025-08-26T19:46:28","guid":{"rendered":"https:\/\/estrelavelha.rs.gov.br\/portal\/?p=6823"},"modified":"2025-08-26T16:46:32","modified_gmt":"2025-08-26T19:46:32","slug":"gestores-de-educacao-participam-de-encontro-da-amcserra-em-lagoao","status":"publish","type":"post","link":"https:\/\/estrelavelha.rs.gov.br\/portal\/2025\/08\/26\/gestores-de-educacao-participam-de-encontro-da-amcserra-em-lagoao\/","title":{"rendered":"GESTORES DE EDUCA\u00c7\u00c3O PARTICIPAM DE ENCONTRO DA AMCSERRA EM LAGO\u00c3O"},"content":{"rendered":"\n<p>Na \u00faltima sexta-feira, 22 de agosto, Estrela Velha esteve presente em mais um encontro de gestores de Educa\u00e7\u00e3o promovido pela Associa\u00e7\u00e3o dos Munic\u00edpios do Centro Serra (AMCSerra). A reuni\u00e3o, realizada no munic\u00edpio de Lago\u00e3o, reuniu Secretarias Municipais de Educa\u00e7\u00e3o e Conselhos Municipais de Educa\u00e7\u00e3o da regi\u00e3o, em um espa\u00e7o de di\u00e1logo voltado ao fortalecimento das pol\u00edticas educacionais locais.<\/p>\n\n\n\n<p>O encontro abordou pautas t\u00e9cnicas e estrat\u00e9gicas que influenciam diretamente a organiza\u00e7\u00e3o e a qualidade do ensino nos munic\u00edpios. Entre os assuntos discutidos, estiveram: a participa\u00e7\u00e3o da educa\u00e7\u00e3o na cota-parte do ICMS, com base nos indicadores do SAERS (Sistema de Avalia\u00e7\u00e3o da Educa\u00e7\u00e3o do Rio Grande do Sul) e do ICMS Educacional; as condicionalidades do VAAR (Valor Aluno Ano Resultado); a equidade como princ\u00edpio essencial para garantir acesso e perman\u00eancia de todos os estudantes; e a implementa\u00e7\u00e3o da BNCC de Computa\u00e7\u00e3o nas redes municipais, passo que visa alinhar o ensino \u00e0s exig\u00eancias do mundo digital.<\/p>\n\n\n\n<p>Estrela Velha foi representada pela secret\u00e1ria de Educa\u00e7\u00e3o, Christiane Ravanello Castilhos, pela servidora Ana Paula Limberger e pela conselheira Marlene Berlt, que participaram das discuss\u00f5es e acompanharam as defini\u00e7\u00f5es encaminhadas para a regi\u00e3o.<\/p>\n","protected":false},"excerpt":{"rendered":"<p>Na \u00faltima sexta-feira, 22 de agosto, Estrela Velha esteve presente em mais um encontro de gestores de Educa\u00e7\u00e3o promovido pela Associa\u00e7\u00e3o dos Munic\u00edpios do Centro Serra<span class=\"excerpt-hellip\"> [\u2026]<\/span><\/p>\n","protected":false},"author":1,"featured_media":6824,"comment_status":"open","ping_status":"open","sticky":false,"template":"","format":"standard","meta":[],"categories":[3],"tags":[],"_links":{"self":[{"href":"https:\/\/estrelavelha.rs.gov.br\/portal\/wp-json\/wp\/v2\/posts\/6823"}],"collection":[{"href":"https:\/\/estrelavelha.rs.gov.br\/portal\/wp-json\/wp\/v2\/posts"}],"about":[{"href":"https:\/\/estrelavelha.rs.gov.br\/portal\/wp-json\/wp\/v2\/types\/post"}],"author":[{"embeddable":true,"href":"https:\/\/estrelavelha.rs.gov.br\/portal\/wp-json\/wp\/v2\/users\/1"}],"replies":[{"embeddable":true,"href":"https:\/\/estrelavelha.rs.gov.br\/portal\/wp-json\/wp\/v2\/comments?post=6823"}],"version-history":[{"count":1,"href":"https:\/\/estrelavelha.rs.gov.br\/portal\/wp-json\/wp\/v2\/posts\/6823\/revisions"}],"predecessor-version":[{"id":6825,"href":"https:\/\/estrelavelha.rs.gov.br\/portal\/wp-json\/wp\/v2\/posts\/6823\/revisions\/6825"}],"wp:featuredmedia":[{"embeddable":true,"href":"https:\/\/estrelavelha.rs.gov.br\/portal\/wp-json\/wp\/v2\/media\/6824"}],"wp:attachment":[{"href":"https:\/\/estrelavelha.rs.gov.br\/portal\/wp-json\/wp\/v2\/media?parent=6823"}],"wp:term":[{"taxonomy":"category","embeddable":true,"href":"https:\/\/estrelavelha.rs.gov.br\/portal\/wp-json\/wp\/v2\/categories?post=6823"},{"taxonomy":"post_tag","embeddable":true,"href":"https:\/\/estrelavelha.rs.gov.br\/portal\/wp-json\/wp\/v2\/tags?post=6823"}],"curies":[{"name":"wp","href":"https:\/\/api.w.org\/{rel}","templated":true}]}}