{"id":6691,"date":"2025-05-29T16:43:32","date_gmt":"2025-05-29T19:43:32","guid":{"rendered":"https:\/\/estrelavelha.rs.gov.br\/portal\/?p=6691"},"modified":"2025-05-30T16:45:18","modified_gmt":"2025-05-30T19:45:18","slug":"educacao-e-cidadania-estudantes-participam-de-palestra-com-delegada","status":"publish","type":"post","link":"https:\/\/estrelavelha.rs.gov.br\/portal\/2025\/05\/29\/educacao-e-cidadania-estudantes-participam-de-palestra-com-delegada\/","title":{"rendered":"Educa\u00e7\u00e3o e cidadania: estudantes participam de palestra com delegada"},"content":{"rendered":"\n<p>Em uma iniciativa voltada \u00e0 forma\u00e7\u00e3o cidad\u00e3 e \u00e0 conscientiza\u00e7\u00e3o dos jovens, a Secretaria Municipal de Educa\u00e7\u00e3o de Estrela Velha promoveu, nesta ter\u00e7a-feira, 27 de maio, uma palestra para estudantes do 5\u00ba ano do Ensino Fundamental ao 3\u00ba ano do Ensino M\u00e9dio das redes municipal e estadual de ensino.<\/p>\n\n\n\n<p>A atividade contou com a presen\u00e7a da delegada Graciela Foresti Chagas, que conduziu a palestra com o objetivo de orientar os alunos sobre temas fundamentais para o conv\u00edvio social e o desenvolvimento pessoal. Entre os assuntos abordados estiveram a import\u00e2ncia dos estudos, o respeito aos professores e colegas, o cuidado com o patrim\u00f4nio p\u00fablico, as consequ\u00eancias dos atos infracionais e as escolhas que levam a um futuro promissor.<\/p>\n\n\n\n<p>Em sua fala, a delegada destacou o papel essencial da educa\u00e7\u00e3o na constru\u00e7\u00e3o de uma sociedade mais justa e segura. Segundo a Secretaria de Educa\u00e7\u00e3o, momentos como este s\u00e3o fundamentais para proporcionar reflex\u00f5es importantes e despertar nos alunos o senso de responsabilidade e protagonismo, al\u00e9m de oportunizar uma educa\u00e7\u00e3o que vai al\u00e9m da sala de aula, promovendo valores e cidadania.<\/p>\n","protected":false},"excerpt":{"rendered":"<p>Em uma iniciativa voltada \u00e0 forma\u00e7\u00e3o cidad\u00e3 e \u00e0 conscientiza\u00e7\u00e3o dos jovens, a Secretaria Municipal de Educa\u00e7\u00e3o de Estrela Velha promoveu, nesta ter\u00e7a-feira, 27 de maio,<span class=\"excerpt-hellip\"> [\u2026]<\/span><\/p>\n","protected":false},"author":1,"featured_media":6692,"comment_status":"closed","ping_status":"closed","sticky":false,"template":"","format":"standard","meta":[],"categories":[3],"tags":[],"_links":{"self":[{"href":"https:\/\/estrelavelha.rs.gov.br\/portal\/wp-json\/wp\/v2\/posts\/6691"}],"collection":[{"href":"https:\/\/estrelavelha.rs.gov.br\/portal\/wp-json\/wp\/v2\/posts"}],"about":[{"href":"https:\/\/estrelavelha.rs.gov.br\/portal\/wp-json\/wp\/v2\/types\/post"}],"author":[{"embeddable":true,"href":"https:\/\/estrelavelha.rs.gov.br\/portal\/wp-json\/wp\/v2\/users\/1"}],"replies":[{"embeddable":true,"href":"https:\/\/estrelavelha.rs.gov.br\/portal\/wp-json\/wp\/v2\/comments?post=6691"}],"version-history":[{"count":1,"href":"https:\/\/estrelavelha.rs.gov.br\/portal\/wp-json\/wp\/v2\/posts\/6691\/revisions"}],"predecessor-version":[{"id":6693,"href":"https:\/\/estrelavelha.rs.gov.br\/portal\/wp-json\/wp\/v2\/posts\/6691\/revisions\/6693"}],"wp:featuredmedia":[{"embeddable":true,"href":"https:\/\/estrelavelha.rs.gov.br\/portal\/wp-json\/wp\/v2\/media\/6692"}],"wp:attachment":[{"href":"https:\/\/estrelavelha.rs.gov.br\/portal\/wp-json\/wp\/v2\/media?parent=6691"}],"wp:term":[{"taxonomy":"category","embeddable":true,"href":"https:\/\/estrelavelha.rs.gov.br\/portal\/wp-json\/wp\/v2\/categories?post=6691"},{"taxonomy":"post_tag","embeddable":true,"href":"https:\/\/estrelavelha.rs.gov.br\/portal\/wp-json\/wp\/v2\/tags?post=6691"}],"curies":[{"name":"wp","href":"https:\/\/api.w.org\/{rel}","templated":true}]}}