{"id":6639,"date":"2025-05-15T15:35:00","date_gmt":"2025-05-15T18:35:00","guid":{"rendered":"https:\/\/estrelavelha.rs.gov.br\/portal\/?p=6639"},"modified":"2025-05-16T10:37:41","modified_gmt":"2025-05-16T13:37:41","slug":"secretaria-de-educacao-realiza-reuniao-com-equipe-de-motoristas-do-transporte-escolar","status":"publish","type":"post","link":"https:\/\/estrelavelha.rs.gov.br\/portal\/2025\/05\/15\/secretaria-de-educacao-realiza-reuniao-com-equipe-de-motoristas-do-transporte-escolar\/","title":{"rendered":"Secretaria de Educa\u00e7\u00e3o realiza reuni\u00e3o com equipe de motoristas do transporte escolar"},"content":{"rendered":"\n<p>Na \u00faltima sexta-feira, 09 de maio, a Secretaria Municipal de Educa\u00e7\u00e3o de Estrela Velha realizou uma reuni\u00e3o com os motoristas respons\u00e1veis pelo transporte escolar da rede p\u00fablica de ensino. O encontro teve como principal objetivo alinhar procedimentos operacionais, refor\u00e7ar orienta\u00e7\u00f5es relacionadas \u00e0 seguran\u00e7a dos estudantes e abrir espa\u00e7o para o di\u00e1logo com a equipe que atua diretamente no deslocamento di\u00e1rio dos alunos.<\/p>\n\n\n\n<p>Durante a reuni\u00e3o, foram abordados assuntos fundamentais para o bom funcionamento do servi\u00e7o, como a manuten\u00e7\u00e3o preventiva dos ve\u00edculos, roteiros e a seguran\u00e7a dos estudantes. A secret\u00e1ria Christiane Ravanello ressaltou ainda o papel essencial que os motoristas desempenham no processo educacional, reconhecendo o comprometimento e a responsabilidade desses profissionais.<\/p>\n\n\n\n<p>O encontro tamb\u00e9m contou com um momento de escuta ativa, no qual os motoristas puderam relatar dificuldades, apresentar sugest\u00f5es e esclarecer d\u00favidas. A troca de experi\u00eancias e o di\u00e1logo transparente fortaleceram a parceria entre a gest\u00e3o p\u00fablica e os profissionais que atuam na linha de frente do transporte escolar.<\/p>\n","protected":false},"excerpt":{"rendered":"<p>Na \u00faltima sexta-feira, 09 de maio, a Secretaria Municipal de Educa\u00e7\u00e3o de Estrela Velha realizou uma reuni\u00e3o com os motoristas respons\u00e1veis pelo transporte escolar da rede<span class=\"excerpt-hellip\"> [\u2026]<\/span><\/p>\n","protected":false},"author":1,"featured_media":6640,"comment_status":"closed","ping_status":"closed","sticky":false,"template":"","format":"standard","meta":[],"categories":[3],"tags":[],"_links":{"self":[{"href":"https:\/\/estrelavelha.rs.gov.br\/portal\/wp-json\/wp\/v2\/posts\/6639"}],"collection":[{"href":"https:\/\/estrelavelha.rs.gov.br\/portal\/wp-json\/wp\/v2\/posts"}],"about":[{"href":"https:\/\/estrelavelha.rs.gov.br\/portal\/wp-json\/wp\/v2\/types\/post"}],"author":[{"embeddable":true,"href":"https:\/\/estrelavelha.rs.gov.br\/portal\/wp-json\/wp\/v2\/users\/1"}],"replies":[{"embeddable":true,"href":"https:\/\/estrelavelha.rs.gov.br\/portal\/wp-json\/wp\/v2\/comments?post=6639"}],"version-history":[{"count":1,"href":"https:\/\/estrelavelha.rs.gov.br\/portal\/wp-json\/wp\/v2\/posts\/6639\/revisions"}],"predecessor-version":[{"id":6641,"href":"https:\/\/estrelavelha.rs.gov.br\/portal\/wp-json\/wp\/v2\/posts\/6639\/revisions\/6641"}],"wp:featuredmedia":[{"embeddable":true,"href":"https:\/\/estrelavelha.rs.gov.br\/portal\/wp-json\/wp\/v2\/media\/6640"}],"wp:attachment":[{"href":"https:\/\/estrelavelha.rs.gov.br\/portal\/wp-json\/wp\/v2\/media?parent=6639"}],"wp:term":[{"taxonomy":"category","embeddable":true,"href":"https:\/\/estrelavelha.rs.gov.br\/portal\/wp-json\/wp\/v2\/categories?post=6639"},{"taxonomy":"post_tag","embeddable":true,"href":"https:\/\/estrelavelha.rs.gov.br\/portal\/wp-json\/wp\/v2\/tags?post=6639"}],"curies":[{"name":"wp","href":"https:\/\/api.w.org\/{rel}","templated":true}]}}